{"id":262,"date":"2026-04-03T14:35:13","date_gmt":"2026-04-03T17:35:13","guid":{"rendered":"https:\/\/blogdesaude.com.br\/?p=262"},"modified":"2026-04-03T14:35:13","modified_gmt":"2026-04-03T17:35:13","slug":"neurocina-e-seus-beneficios","status":"publish","type":"post","link":"https:\/\/blogdesaude.com.br\/?p=262","title":{"rendered":"Neurocina e seus benef\u00edcios."},"content":{"rendered":"<h1>Neurocina e seus benef\u00edcios.<\/h1>\n<h1><a href=\"https:\/\/www.farmacam.com.br\/neurocina\"><a href=\"https:\/\/i0.wp.com\/blogdesaude.com.br\/wp-content\/uploads\/2023\/10\/Mao-segurando-um-cerebro.png?ssl=1\" rel=\"attachment wp-att-263\"><img data-recalc-dims=\"1\" loading=\"lazy\" decoding=\"async\" src=\"https:\/\/i0.wp.com\/blogdesaude.com.br\/wp-content\/uploads\/2023\/10\/Mao-segurando-um-cerebro.png?resize=800%2C800&#038;ssl=1\" alt=\"\" title=\"mao-segurando-um-cerebro-png\" width=\"800\" height=\"800\" class=\"alignnone size-full wp-image-263\" \/><\/a><\/a><\/h1>\n<h2>**Neurocina: Desperte o Poder da Mente e da Mem\u00f3ria**<\/h2>\n<p>A mente humana \u00e9 uma maravilha, capaz de incr\u00edveis proezas cognitivas e mem\u00f3rias fascinantes. No entanto, em um mundo cada vez mais acelerado e desafiador, \u00e0s vezes precisamos de um pouco de ajuda extra para manter nossa mente afiada e nossas mem\u00f3rias intactas. \u00c9 a\u00ed que entra a Neurocina, um suplemento que promove a sa\u00fade cerebral e a cogni\u00e7\u00e3o. Neste guia completo, vamos explorar o que \u00e9 a Neurocina, seus benef\u00edcios e como a Farmacam est\u00e1 comprometida em oferecer este suplemento que pode ser uma verdadeira aliada para a sa\u00fade cerebral.<\/p>\n<h2>### **O Poder da Mente e da Mem\u00f3ria**<\/h2>\n<p>Nossa mente \u00e9 o epicentro de nossas vidas, onde todas as nossas experi\u00eancias, pensamentos e mem\u00f3rias s\u00e3o armazenados. \u00c9 crucial mant\u00ea-la funcionando de maneira ideal para enfrentar os desafios da vida moderna. A Neurocina \u00e9 um suplemento que oferece suporte \u00e0 sa\u00fade cerebral, ajudando voc\u00ea a aproveitar ao m\u00e1ximo suas habilidades cognitivas e mem\u00f3ria.<br \/>\n<a href=\"https:\/\/www.farmacam.com.br\/neurocina\"><br \/>\nCOMPRE AGORA NEUROCINA, CLICANDO AQUI!<\/a><\/p>\n<h2>### **Benef\u00edcios da Neurocina**<\/h2>\n<p> <a href=\"https:\/\/www.farmacam.com.br\/neurocina\"><a href=\"https:\/\/i0.wp.com\/blogdesaude.com.br\/wp-content\/uploads\/2023\/10\/NEUROCINA.png?ssl=1\" rel=\"attachment wp-att-264\"><img data-recalc-dims=\"1\" loading=\"lazy\" decoding=\"async\" src=\"https:\/\/i0.wp.com\/blogdesaude.com.br\/wp-content\/uploads\/2023\/10\/NEUROCINA.png?resize=800%2C800&#038;ssl=1\" alt=\"\" title=\"neurocina-png\" width=\"800\" height=\"800\" class=\"alignnone size-full wp-image-264\" srcset=\"https:\/\/i0.wp.com\/blogdesaude.com.br\/wp-content\/uploads\/2023\/10\/NEUROCINA.png?w=560&amp;ssl=1 560w, https:\/\/i0.wp.com\/blogdesaude.com.br\/wp-content\/uploads\/2023\/10\/NEUROCINA.png?resize=300%2C300&amp;ssl=1 300w, https:\/\/i0.wp.com\/blogdesaude.com.br\/wp-content\/uploads\/2023\/10\/NEUROCINA.png?resize=150%2C150&amp;ssl=1 150w\" sizes=\"auto, (max-width: 800px) 100vw, 800px\" \/><\/a><\/a><br \/>\n**1. Melhora da Mem\u00f3ria:** A Neurocina \u00e9 conhecida por sua capacidade de aprimorar a mem\u00f3ria de curto e longo prazo. Isso \u00e9 especialmente valioso para pessoas que desejam manter o c\u00e9rebro \u00e1gil e lembrar informa\u00e7\u00f5es importantes.<\/p>\n<p>**2. Aumento do Foco e da Concentra\u00e7\u00e3o:** Se voc\u00ea luta para manter o foco em tarefas importantes, a Neurocina pode ser uma solu\u00e7\u00e3o. Ela ajuda a melhorar a concentra\u00e7\u00e3o, permitindo que voc\u00ea trabalhe com mais efici\u00eancia.<\/p>\n<p>**3. Estimula\u00e7\u00e3o Cognitiva:** A Neurocina pode impulsionar a atividade cerebral, tornando o processo de aprendizado mais eficaz. \u00c9 uma escolha popular para estudantes e profissionais que buscam melhorar o desempenho cognitivo.<\/p>\n<p>**4. Redu\u00e7\u00e3o do Estresse e da Ansiedade:** Al\u00e9m de melhorar a fun\u00e7\u00e3o cognitiva, a Neurocina tamb\u00e9m pode ajudar a reduzir o estresse e a ansiedade, proporcionando uma sensa\u00e7\u00e3o de bem-estar mental.<\/p>\n<p>**5. Prote\u00e7\u00e3o Cerebral:** Este suplemento cont\u00e9m antioxidantes que ajudam a proteger o c\u00e9rebro contra danos causados pelo estresse oxidativo, envelhecimento e fatores ambientais.<\/p>\n<h2>### **Farmacam: Sua Fonte Confi\u00e1vel de Neurocina**<\/h2>\n<p>Na Farmacam, acreditamos que todos merecem uma mente saud\u00e1vel e resiliente. Nossa equipe de especialistas em sa\u00fade est\u00e1 comprometida em fornecer produtos de alta qualidade que promovem a sa\u00fade cerebral.<\/p>\n<h2>### **Invista na Sa\u00fade Cerebral com Neurocina**<\/h2>\n<p>Sua mente \u00e9 uma preciosidade que merece cuidados adequados. A Neurocina pode ser uma aliada valiosa para manter seu c\u00e9rebro afiado, sua mem\u00f3ria intacta e sua capacidade cognitiva no auge.<\/p>\n<p>Visite nosso site em <a href=\"www.farmacam.com.br\">www.farmacam.com.br<\/a> e descubra como a Neurocina pode ser um complemento valioso para sua rotina. Estamos aqui para ajud\u00e1-lo a alcan\u00e7ar uma mente saud\u00e1vel e uma vida plena. Lembre-se, sua mente \u00e9 a chave para desbloquear seu potencial m\u00e1ximo.<\/p>\n<table>\n<tr>\n<td><a href=\"https:\/\/www.avast.com\/sig-email?utm_medium=email&amp;utm_source=link&amp;utm_campaign=sig-email&amp;utm_content=emailclient\"><img data-recalc-dims=\"1\" loading=\"lazy\" decoding=\"async\" src=\"https:\/\/i0.wp.com\/s-install.avcdn.net\/ipm\/preview\/icons\/icon-envelope-tick-round-orange-animated-no-repeat-v1.gif?resize=46%2C29&#038;ssl=1\" alt=\"\" width=\"46\" height=\"29\" \/><\/a><\/td>\n<td>N\u00e3o cont\u00e9m v\u00edrus.<a href=\"https:\/\/www.avast.com\/sig-email?utm_medium=email&amp;utm_source=link&amp;utm_campaign=sig-email&amp;utm_content=emailclient\">www.avast.com<\/a><\/td>\n<\/tr>\n<\/table>\n","protected":false},"excerpt":{"rendered":"<p>Neurocina e seus benef\u00edcios. **Neurocina: Desperte o Poder da Mente e da Mem\u00f3ria** A mente humana \u00e9 uma maravilha, capaz de incr\u00edveis proezas cognitivas e mem\u00f3rias fascinantes. No entanto, em um mundo cada vez mais acelerado e desafiador, \u00e0s vezes precisamos de um pouco de ajuda extra para manter nossa mente afiada e nossas mem\u00f3rias [&hellip;]<\/p>\n","protected":false},"author":1,"featured_media":0,"comment_status":"open","ping_status":"open","sticky":false,"template":"","format":"standard","meta":{"_jetpack_memberships_contains_paid_content":false,"footnotes":""},"categories":[5],"tags":[],"class_list":["post-262","post","type-post","status-publish","format-standard","hentry","category-farmacam"],"jetpack_featured_media_url":"","jetpack-related-posts":[],"jetpack_sharing_enabled":true,"_links":{"self":[{"href":"https:\/\/blogdesaude.com.br\/index.php?rest_route=\/wp\/v2\/posts\/262","targetHints":{"allow":["GET"]}}],"collection":[{"href":"https:\/\/blogdesaude.com.br\/index.php?rest_route=\/wp\/v2\/posts"}],"about":[{"href":"https:\/\/blogdesaude.com.br\/index.php?rest_route=\/wp\/v2\/types\/post"}],"author":[{"embeddable":true,"href":"https:\/\/blogdesaude.com.br\/index.php?rest_route=\/wp\/v2\/users\/1"}],"replies":[{"embeddable":true,"href":"https:\/\/blogdesaude.com.br\/index.php?rest_route=%2Fwp%2Fv2%2Fcomments&post=262"}],"version-history":[{"count":1,"href":"https:\/\/blogdesaude.com.br\/index.php?rest_route=\/wp\/v2\/posts\/262\/revisions"}],"predecessor-version":[{"id":265,"href":"https:\/\/blogdesaude.com.br\/index.php?rest_route=\/wp\/v2\/posts\/262\/revisions\/265"}],"wp:attachment":[{"href":"https:\/\/blogdesaude.com.br\/index.php?rest_route=%2Fwp%2Fv2%2Fmedia&parent=262"}],"wp:term":[{"taxonomy":"category","embeddable":true,"href":"https:\/\/blogdesaude.com.br\/index.php?rest_route=%2Fwp%2Fv2%2Fcategories&post=262"},{"taxonomy":"post_tag","embeddable":true,"href":"https:\/\/blogdesaude.com.br\/index.php?rest_route=%2Fwp%2Fv2%2Ftags&post=262"}],"curies":[{"name":"wp","href":"https:\/\/api.w.org\/{rel}","templated":true}]}}