{"id":862,"date":"2026-03-16T10:22:20","date_gmt":"2026-03-16T13:22:20","guid":{"rendered":"https:\/\/blogdesaude.com.br\/?p=862"},"modified":"2026-03-16T10:22:20","modified_gmt":"2026-03-16T13:22:20","slug":"vitamina-d3-para-que-serve-como-tomar-e-onde-comprar-com-seguranca","status":"publish","type":"post","link":"https:\/\/blogdesaude.com.br\/?p=862","title":{"rendered":"Vitamina D3: para que serve, como tomar e onde comprar com seguran\u00e7a"},"content":{"rendered":"<p>Guia completo da D3 para sa\u00fade \u00f3ssea, for\u00e7a muscular, imunidade e bem-estar \u2014 com as melhores op\u00e7\u00f5es na Farmacam<br \/>\nA Vitamina D3 (colecalciferol) \u00e9 um dos pilares da sa\u00fade moderna. Embora seja chamada de \u201cvitamina\u201d, seu comportamento no corpo se assemelha ao de um pr\u00f3-horm\u00f4nio, com atua\u00e7\u00e3o ampla em absor\u00e7\u00e3o de c\u00e1lcio e f\u00f3sforo, metabolismo \u00f3sseo, fun\u00e7\u00e3o muscular, resposta imune, equil\u00edbrio cardiovascular e at\u00e9 humor e bem-estar. Como parte da rotina, ela ajuda a manter ossos mais fortes, m\u00fasculos eficientes, defesas equilibradas e qualidade de vida ao longo das fases da vida.<br \/>\n<a href=\"https:\/\/i0.wp.com\/blogdesaude.com.br\/wp-content\/uploads\/2025\/12\/image-3.png?ssl=1\" rel=\"attachment wp-att-863\"><img data-recalc-dims=\"1\" loading=\"lazy\" decoding=\"async\" src=\"https:\/\/i0.wp.com\/blogdesaude.com.br\/wp-content\/uploads\/2025\/12\/image-3.png?resize=800%2C800&#038;ssl=1\" alt=\"\" title=\"image-3-png\" width=\"800\" height=\"800\" class=\"alignnone size-full wp-image-863\" srcset=\"https:\/\/i0.wp.com\/blogdesaude.com.br\/wp-content\/uploads\/2025\/12\/image-3.png?w=600&amp;ssl=1 600w, https:\/\/i0.wp.com\/blogdesaude.com.br\/wp-content\/uploads\/2025\/12\/image-3.png?resize=300%2C300&amp;ssl=1 300w, https:\/\/i0.wp.com\/blogdesaude.com.br\/wp-content\/uploads\/2025\/12\/image-3.png?resize=150%2C150&amp;ssl=1 150w\" sizes=\"auto, (max-width: 800px) 100vw, 800px\" \/><\/a><br \/>\nNeste guia, voc\u00ea vai entender para que serve, como usar, quem precisa, como escolher a sua f\u00f3rmula e por que comprar a sua Vitamina D3 na Farmacam \u00e9 uma decis\u00e3o estrat\u00e9gica. Ao final, voc\u00ea encontra links diretos para produtos recomendados.<\/p>\n<p>O que \u00e9 Vitamina D3 e por que ela \u00e9 t\u00e3o importante?<br \/>\nA Vitamina D3 (colecalciferol) \u00e9 produzida naturalmente pela pele quando nos expomos ao sol, mas fatores como rotina em ambientes internos, uso cont\u00ednuo de protetor solar, polui\u00e7\u00e3o, pele mais escura (que exige mais tempo de exposi\u00e7\u00e3o), envelhecimento e condi\u00e7\u00f5es cl\u00ednicas reduzem sua s\u00edntese cut\u00e2nea. Por isso, a suplementa\u00e7\u00e3o se tornou uma alternativa segura e pr\u00e1tica para manter n\u00edveis adequados.<br \/>\nA D3 atua como \u201cchave de acesso\u201d para o c\u00e1lcio e o f\u00f3sforo entrarem no organismo e serem aproveitados por ossos e dentes, regulando tamb\u00e9m a elimina\u00e7\u00e3o e o armazenamento desses minerais. Al\u00e9m do esqueleto, a vitamina participa de processos celulares envolvidos na contra\u00e7\u00e3o muscular, sa\u00fade do endot\u00e9lio vascular, modula\u00e7\u00e3o de citocinas (impactando no equil\u00edbrio do sistema imune) e vias metab\u00f3licas que influenciam o humor.<\/p>\n<p>Benef\u00edcios centrais da Vitamina D3:<br \/>\n&#8211; Ossos e dentes: promove a absor\u00e7\u00e3o intestinal de c\u00e1lcio e f\u00f3sforo e auxilia a mineraliza\u00e7\u00e3o \u00f3ssea.<br \/>\n&#8211; M\u00fasculos e performance di\u00e1ria: contribui para for\u00e7a, equil\u00edbrio e preven\u00e7\u00e3o de quedas em popula\u00e7\u00f5es suscet\u00edveis.<br \/>\n&#8211; Imunidade equilibrada: participa da regula\u00e7\u00e3o imune, ajudando a responder melhor a desafios sazonais.<br \/>\n&#8211; Sa\u00fade cardiovascular: auxilia no equil\u00edbrio do c\u00e1lcio no organismo e na fun\u00e7\u00e3o endotelial, importante para a circula\u00e7\u00e3o.<br \/>\n&#8211; Bem-estar: n\u00edveis adequados de D3 est\u00e3o associados a humor mais est\u00e1vel e qualidade de vida.<br \/>\n&#8211; Metabolismo e p\u00e2ncreas: a vitamina interv\u00e9m em vias relacionadas \u00e0 libera\u00e7\u00e3o de insulina e ao metabolismo do c\u00e1lcio intracelular.<\/p>\n<p>Quem pode se beneficiar da suplementa\u00e7\u00e3o?<br \/>\n&#8211; Pessoas com baixa exposi\u00e7\u00e3o solar (rotina indoor, trabalho noturno).<br \/>\n&#8211; Idosos, cuja pele sintetiza menos D3.<br \/>\n&#8211; Indiv\u00edduos com pele mais escura, que necessitam maior tempo de sol para a mesma produ\u00e7\u00e3o.<br \/>\n&#8211; Pessoas com sobrepeso\/obesidade, devido ao sequestro da vitamina no tecido adiposo.<br \/>\n&#8211; Quem passou por cirurgias bari\u00e1tricas ou tem condi\u00e7\u00f5es gastrintestinais que reduzam absor\u00e7\u00e3o.<br \/>\n&#8211; Popula\u00e7\u00f5es com doen\u00e7as autoimunes e condi\u00e7\u00f5es espec\u00edficas sob acompanhamento m\u00e9dico.<br \/>\nImportante: suplementa\u00e7\u00e3o deve ser individualizada e, quando poss\u00edvel, guiada por avalia\u00e7\u00e3o profissional e exames laboratoriais.<\/p>\n<p>Como tomar Vitamina D3 (posologia):<br \/>\nA posologia indicada comumente \u00e9 1 dose ao dia, mas pode variar conforme n\u00edveis s\u00e9ricos, idade, condi\u00e7\u00e3o cl\u00ednica e objetivo. Existem protocolos di\u00e1rios, semanais ou mensais. Em defici\u00eancia significativa, \u00e9 comum a orienta\u00e7\u00e3o de dose de ataque, seguida de dose de manuten\u00e7\u00e3o \u2014 tudo conforme prescri\u00e7\u00e3o.<br \/>\nUso di\u00e1rio pr\u00e1tico: preferido por quem busca rotina simples e n\u00edveis est\u00e1veis.<br \/>\nEsquemas semanais\/mensais: \u00fateis para ades\u00e3o em perfis espec\u00edficos, sempre com orienta\u00e7\u00e3o profissional.<br \/>\nGotas x c\u00e1psulas: a escolha depende de prefer\u00eancia, facilidade de ajuste de dose e comodidade.<br \/>\nComposi\u00e7\u00e3o t\u00edpica das f\u00f3rmulas manipuladas:<br \/>\nVitamina D3 QS<br \/>\nExcipiente QSP<\/p>\n<p>D3 com K2 (MK-7): quando faz sentido?<br \/>\nA Vitamina K2 (MK-7) atua como uma \u201csinalizadora\u201d do c\u00e1lcio, auxiliando a direcion\u00e1-lo para os ossos e a reduzir a deposi\u00e7\u00e3o em tecidos indesejados. Por isso, muitos profissionais elegem a associa\u00e7\u00e3o D3 + K2 em suporte \u00f3sseo e sa\u00fade cardiovascular. Se o seu objetivo inclui preven\u00e7\u00e3o de osteopenia\/osteoporose e suporte vascular, essa combina\u00e7\u00e3o pode ser estrat\u00e9gica.<\/p>\n<p>Conhe\u00e7a op\u00e7\u00f5es na Farmacam:<br \/>\n&#8211; Vitamina D3 + K2 (MK-7) \u2014 1.000 UI + 30 mcg (60 doses) \u2014 formato para manuten\u00e7\u00e3o di\u00e1ria.<br \/>\n&#8211; Vitamina D3 5.000 UI + K2 (MK-7) \u2014 Sublingual \u2014 pot\u00eancia intermedi\u00e1ria.<br \/>\n&#8211; Vitamina D3 10.000 UI + K2 (MK-7) \u2014 C\u00e1psulas Sublinguais \u2014 para protocolos orientados.<br \/>\nOutras sinergias \u00fateis<br \/>\n&#8211; C\u00e1lcio + Magn\u00e9sio + D3: base para sa\u00fade \u00f3ssea e fun\u00e7\u00e3o neuromuscular. Veja C\u00e1lcio + Vitamina D3 + Magn\u00e9sio 500 mg.<br \/>\n&#8211; F\u00f3rmulas lipossol\u00faveis combinadas: D3 com A, E e K2 potencializa suporte antioxidante, vis\u00e3o, tecidos e metabolismo do c\u00e1lcio. Veja Vitamina D3 + K2 + A + E \u2014 Sublingual e Vitamina D3 5.000 UI + K2 + A + E \u2014 Lipossol\u00faveis.<br \/>\n&#8211; Formato em gotas (titula\u00e7\u00e3o precisa): Solu\u00e7\u00e3o de Vitamina D3 400 UI\/gota.<br \/>\nOp\u00e7\u00e3o cl\u00e1ssica: Vitamina D3 Farmacam para uso di\u00e1rio.<br \/>\n&#8211; Protocolos espec\u00edficos: Vitamina D 10.000 UI \u2014 Base Oleosa (sempre com orienta\u00e7\u00e3o profissional).<\/p>\n<p>Como escolher a melhor Vitamina D3 para voc\u00ea?<br \/>\n&#8211; Conferir seus n\u00edveis s\u00e9ricos: quando poss\u00edvel, pe\u00e7a exame e personalize a dose.<br \/>\n&#8211; Definir objetivo principal: manuten\u00e7\u00e3o di\u00e1ria? Reposi\u00e7\u00e3o mais intensiva? Suporte \u00f3sseo\/cardiovascular?<br \/>\n&#8211; Escolher forma farmac\u00eautica: gotas facilitam ajuste; c\u00e1psulas sublinguais trazem comodidade e absor\u00e7\u00e3o r\u00e1pida.<br \/>\n&#8211; Considerar sinergias: K2, c\u00e1lcio e magn\u00e9sio podem potencializar resultados em sa\u00fade \u00f3ssea.<br \/>\n&#8211; Buscar qualidade e atendimento: na Farmacam, voc\u00ea conta com equipe farmac\u00eautica e manipula\u00e7\u00e3o sob medida.<\/p>\n<p>Perguntas frequentes (FAQ):<br \/>\n1) Posso tomar Vitamina D3 sem acompanhamento?<br \/>\nIdealmente, n\u00e3o. Apesar de ser segura quando bem indicada, a dose deve respeitar objetivos e n\u00edveis s\u00e9ricos.<br \/>\n2) D3 engorda?<br \/>\nN\u00e3o h\u00e1 evid\u00eancia de que a Vitamina D3, por si s\u00f3, cause ganho de peso. O que muda \u00e9 o equil\u00edbrio metab\u00f3lico e a sa\u00fade geral.<br \/>\n3) Tomo de manh\u00e3 ou \u00e0 noite?<br \/>\nA regularidade importa mais do que o hor\u00e1rio. Muitas pessoas preferem ap\u00f3s refei\u00e7\u00e3o por conforto g\u00e1strico (D3 \u00e9 lipossol\u00favel).<br \/>\n4) D3 x D2: qual escolher?<br \/>\nA D3 (colecalciferol) costuma ser a forma preferida para suplementa\u00e7\u00e3o humana. Em perfis veganos\/vegetarianos, avalie op\u00e7\u00f5es plant-based com seu profissional.<br \/>\n5) Posso associar com c\u00e1lcio?<br \/>\nSim, quando h\u00e1 objetivo \u00f3sseo. Avalie dose total de c\u00e1lcio da dieta e, se necess\u00e1rio, inclua C\u00e1lcio + D3 + Magn\u00e9sio.<br \/>\n6) K2 \u00e9 necess\u00e1ria?<br \/>\nN\u00e3o \u00e9 obrigat\u00f3ria para todos, mas pode ser indicada quando o foco \u00e9 osso e sa\u00fade vascular.<br \/>\n7) Em quanto tempo vejo resultados?<br \/>\nVaria conforme n\u00edveis iniciais, dose e ades\u00e3o. O importante \u00e9 consist\u00eancia e acompanhamento.<\/p>\n<p>Por que comprar na Farmacam?<br \/>\nA Farmacam \u00e9 refer\u00eancia com mais de 25 anos no mercado magistral, unindo qualidade, seguran\u00e7a e atendimento personalizado. Nossas f\u00f3rmulas s\u00e3o manipuladas sob demanda, com rastreabilidade e padr\u00f5es r\u00edgidos de qualidade, para entregar um suplemento feito para voc\u00ea. Al\u00e9m disso, oferecemos variedade de formatos (c\u00e1psulas, gotas, sublinguais, f\u00f3rmulas combinadas), o que facilita ader\u00eancia e resultados.<\/p>\n<p>Canais de atendimento Farmacam:<br \/>\n\ud83d\udcf2 (21) 2604-7350<br \/>\n\ud83d\udce9 vendas@farmacam.com.br<br \/>\n\ud83d\uddb1 www.farmacam.com.br<\/p>\n<p>Como come\u00e7ar agora (passo a passo simples)?<br \/>\n&#8211; Escolha sua f\u00f3rmula principal:<br \/>\n&#8211; Manuten\u00e7\u00e3o di\u00e1ria pr\u00e1tica: Vitamina D3 Farmacam.<br \/>\n&#8211; Dose ajust\u00e1vel: Vitamina D3 400 UI\/gota.<br \/>\n&#8211; Suporte \u00f3sseo\/vascular: D3 + K2 (MK-7).<br \/>\n&#8211; Defina a posologia com seu profissional: 1 dose\/dia \u00e9 comum; h\u00e1 esquemas semanais\/mensais.<br \/>\n&#8211; Consist\u00eancia \u00e9 tudo: crie lembretes e associe a um momento do dia.<br \/>\n&#8211; Reavalie: ap\u00f3s algumas semanas\/meses, ajuste se necess\u00e1rio.<br \/>\nRecompra f\u00e1cil: salve os links e renove antes de terminar para n\u00e3o interromper a rotina.<\/p>\n<p>Benef\u00edcios:<br \/>\n&#8211; Previne e trata a insufici\u00eancia de Vitamina D3;<br \/>\n&#8211; Fortalece ossos e dentes;<br \/>\n&#8211; Apoia o p\u00e2ncreas na libera\u00e7\u00e3o de insulina;<br \/>\n&#8211; Contribui para o equil\u00edbrio tireoidiano em protocolos orientados;<br \/>\n&#8211; Modula o sistema imune;<br \/>\n&#8211; Auxilia no cuidado cardiovascular;<br \/>\n&#8211; Ajuda no metabolismo da glicose;<br \/>\n&#8211; Promove for\u00e7a muscular.<\/p>\n<p>Posologia indicada:<br \/>\n1 dose ao dia ou conforme prescri\u00e7\u00e3o. A posologia pode ser di\u00e1ria, semanal ou mensal; em defici\u00eancia, considerar dose de ataque e manuten\u00e7\u00e3o (orienta\u00e7\u00e3o profissional).<br \/>\nComposi\u00e7\u00e3o: Vitamina D3 QS | Excipiente QSP (geralmente em base oleosa).<br \/>\nApresenta\u00e7\u00f5es sugeridas: c\u00e1psulas, sublinguais, gotas (titula\u00e7\u00e3o fina).<br \/>\nAviso importante: este conte\u00fado tem car\u00e1ter informativo. Procure orienta\u00e7\u00e3o profissional para avalia\u00e7\u00e3o individualizada, especialmente em gestantes, lactantes, crian\u00e7as, idosos ou pessoas com condi\u00e7\u00f5es cl\u00ednicas e uso de medicamentos.<\/p>\n<p>Links \u00fateis para comprar agora na Farmacam<br \/>\n&#8211; Vitamina D3 Farmacam: <a href=\"https:\/\/www.farmacam.com.br\/vitamina-d3\"> https:\/\/www.farmacam.com.br\/vitamina-d3<\/a><br \/>\n&#8211; Solu\u00e7\u00e3o de Vitamina D3 400 UI\/gota: <a href=\"https:\/\/www.farmacam.com.br\/solucao-de-vitamina-d3-400-uigota\"> https:\/\/www.farmacam.com.br\/solucao-de-vitamina-d3-400-uigota<\/a><br \/>\n&#8211; Vitamina D3 + K2 (MK-7) 1.000 UI + 30 mcg: <a href=\"https:\/\/www.farmacam.com.br\/vitamina-d3-1-000-ui-vitamina-k2-mk-7-30-mcg-60-doses\"> https:\/\/www.farmacam.com.br\/vitamina-d3-1-000-ui-vitamina-k2-mk-7-30-mcg-60-doses<\/a><br \/>\n&#8211; Vitamina D3 5.000 UI + K2 (MK-7) \u2014 Sublingual: <a href=\"https:\/\/www.farmacam.com.br\/vitamina-d3-5-000ui-k2-mk-7-sublingual\"> https:\/\/www.farmacam.com.br\/vitamina-d3-5-000ui-k2-mk-7-sublingual<\/a><br \/>\n&#8211; Vitamina D3 10.000 UI + K2 (MK-7) \u2014 Sublingual: <a href=\"https:\/\/www.farmacam.com.br\/vitamina-d3-10-000ui-k2-mk-7-capsulas-sublingual\"> https:\/\/www.farmacam.com.br\/vitamina-d3-10-000ui-k2-mk-7-capsulas-sublingual<\/a><br \/>\n&#8211; C\u00e1lcio + Vitamina D3 + Magn\u00e9sio 500 mg: <a href=\"https:\/\/www.farmacam.com.br\/calcio-vitamina-d3-magnesio-500mg\"> https:\/\/www.farmacam.com.br\/calcio-vitamina-d3-magnesio-500mg<\/a><br \/>\n&#8211; Vitamina D 10.000 UI \u2014 Base Oleosa: <a href=\"https:\/\/www.farmacam.com.br\/vitamina-d-10-000-ui-base-oleosa\"> https:\/\/www.farmacam.com.br\/vitamina-d-10-000-ui-base-oleosa<\/a><\/p>\n<p>Farmacam \u2014 25+ anos manipulando sa\u00fade com qualidade e atendimento personalizado.<br \/>\n\ud83d\udcf2 (21) 2604-7350<br \/>\n\ud83d\udce9 vendas@farmacam.com.br<br \/>\n\ud83d\uddb1 <a href=\"http:\/\/www.farmacam.com.br\"> www.farmacam.com.br<\/a><\/p>\n","protected":false},"excerpt":{"rendered":"<p>Guia completo da D3 para sa\u00fade \u00f3ssea, for\u00e7a muscular, imunidade e bem-estar \u2014 com as melhores op\u00e7\u00f5es na Farmacam A Vitamina D3 (colecalciferol) \u00e9 um dos pilares da sa\u00fade moderna. Embora seja chamada de \u201cvitamina\u201d, seu comportamento no corpo se assemelha ao de um pr\u00f3-horm\u00f4nio, com atua\u00e7\u00e3o ampla em absor\u00e7\u00e3o de c\u00e1lcio e f\u00f3sforo, metabolismo [&hellip;]<\/p>\n","protected":false},"author":1,"featured_media":0,"comment_status":"open","ping_status":"open","sticky":false,"template":"","format":"standard","meta":{"_jetpack_memberships_contains_paid_content":false,"footnotes":""},"categories":[5],"tags":[],"class_list":["post-862","post","type-post","status-publish","format-standard","hentry","category-farmacam"],"jetpack_featured_media_url":"","jetpack-related-posts":[],"jetpack_sharing_enabled":true,"_links":{"self":[{"href":"https:\/\/blogdesaude.com.br\/index.php?rest_route=\/wp\/v2\/posts\/862","targetHints":{"allow":["GET"]}}],"collection":[{"href":"https:\/\/blogdesaude.com.br\/index.php?rest_route=\/wp\/v2\/posts"}],"about":[{"href":"https:\/\/blogdesaude.com.br\/index.php?rest_route=\/wp\/v2\/types\/post"}],"author":[{"embeddable":true,"href":"https:\/\/blogdesaude.com.br\/index.php?rest_route=\/wp\/v2\/users\/1"}],"replies":[{"embeddable":true,"href":"https:\/\/blogdesaude.com.br\/index.php?rest_route=%2Fwp%2Fv2%2Fcomments&post=862"}],"version-history":[{"count":1,"href":"https:\/\/blogdesaude.com.br\/index.php?rest_route=\/wp\/v2\/posts\/862\/revisions"}],"predecessor-version":[{"id":864,"href":"https:\/\/blogdesaude.com.br\/index.php?rest_route=\/wp\/v2\/posts\/862\/revisions\/864"}],"wp:attachment":[{"href":"https:\/\/blogdesaude.com.br\/index.php?rest_route=%2Fwp%2Fv2%2Fmedia&parent=862"}],"wp:term":[{"taxonomy":"category","embeddable":true,"href":"https:\/\/blogdesaude.com.br\/index.php?rest_route=%2Fwp%2Fv2%2Fcategories&post=862"},{"taxonomy":"post_tag","embeddable":true,"href":"https:\/\/blogdesaude.com.br\/index.php?rest_route=%2Fwp%2Fv2%2Ftags&post=862"}],"curies":[{"name":"wp","href":"https:\/\/api.w.org\/{rel}","templated":true}]}}